{"id":440,"date":"2022-05-19T18:56:27","date_gmt":"2022-05-19T18:56:27","guid":{"rendered":"https:\/\/juancruz.info\/?p=440"},"modified":"2022-05-19T19:17:33","modified_gmt":"2022-05-19T19:17:33","slug":"diferencias-entre-imagen-corporativa-e-identidad-corporativa","status":"publish","type":"post","link":"https:\/\/juancruz.info\/?p=440","title":{"rendered":"DIFERENCIAS ENTRE IMAGEN CORPORATIVA E IDENTIDAD CORPORATIVA"},"content":{"rendered":"\t\t<div data-elementor-type=\"wp-post\" data-elementor-id=\"440\" class=\"elementor elementor-440\">\n\t\t\t\t\t\t<section class=\"elementor-section elementor-top-section elementor-element elementor-element-3771ef6 elementor-section-boxed elementor-section-height-default elementor-section-height-default\" data-id=\"3771ef6\" data-element_type=\"section\" data-e-type=\"section\">\n\t\t\t\t\t\t<div class=\"elementor-container elementor-column-gap-default\">\n\t\t\t\t\t<div class=\"aux-parallax-section elementor-column elementor-col-100 elementor-top-column elementor-element elementor-element-1a4eac3\" data-id=\"1a4eac3\" data-element_type=\"column\" data-e-type=\"column\">\n\t\t\t<div class=\"elementor-widget-wrap elementor-element-populated\">\n\t\t\t\t\t\t<div class=\"elementor-element elementor-element-571cc6f elementor-widget elementor-widget-text-editor\" data-id=\"571cc6f\" data-element_type=\"widget\" data-e-type=\"widget\" data-widget_type=\"text-editor.default\">\n\t\t\t\t<div class=\"elementor-widget-container\">\n\t\t\t\t\t\t\t\t\t<p data-adtags-visited=\"true\" style=\"box-sizing: inherit; margin-bottom: 1.5em; color: rgb(51, 51, 51); font-family: Karla, &quot;Helvetica Neue&quot;, helvetica, arial, sans-serif; font-size: 16px; font-style: normal; font-weight: 400; text-align: justify;\">Muchas veces he lidiado con clientes y personas del medio que confunden los dos conceptos, en el post de esta semana quisiera dejar clara la diferencia qu\u00e9 hay entre estos dos.<\/p><p data-adtags-visited=\"true\" style=\"box-sizing: inherit; margin-bottom: 1.5em; color: rgb(51, 51, 51); font-family: Karla, &quot;Helvetica Neue&quot;, helvetica, arial, sans-serif; font-size: 16px; font-style: normal; font-weight: 400; text-align: justify;\">Inicialmente citar\u00e9 la definici\u00f3n de cada uno de estos t\u00e9rminos seg\u00fan la RAE (Real Academia Espa\u00f1ola), luego explicar\u00e9 cada concepto desde mi punto de vista, y luego dar\u00e9 un ejemplo para que el tema quede m\u00e1s claro. Sin m\u00e1s demora entremos en materia.<\/p><p data-adtags-visited=\"true\" style=\"box-sizing: inherit; margin-bottom: 1.5em; color: rgb(51, 51, 51); font-family: Karla, &quot;Helvetica Neue&quot;, helvetica, arial, sans-serif; font-size: 16px; font-style: normal; font-weight: 400; text-align: justify;\"><span style=\"box-sizing: inherit;\"><\/span><\/p><p data-adtags-visited=\"true\" style=\"box-sizing: inherit; margin-bottom: 1.5em; color: rgb(51, 51, 51); font-family: Karla, &quot;Helvetica Neue&quot;, helvetica, arial, sans-serif; font-size: 16px; font-style: normal; font-weight: 400; text-align: justify;\"><span style=\"box-sizing: inherit; font-weight: 700;\">Imagen:<\/span>&nbsp;&nbsp;Del lat. im\u0101go, -\u012dnis.<\/p><p data-adtags-visited=\"true\" style=\"box-sizing: inherit; margin-bottom: 1.5em; color: rgb(51, 51, 51); font-family: Karla, &quot;Helvetica Neue&quot;, helvetica, arial, sans-serif; font-size: 16px; font-style: normal; font-weight: 400; text-align: justify;\"><em style=\"box-sizing: inherit;\">1.<\/em>&nbsp;f. Figura, representaci\u00f3n, semejanza y apariencia de algo.&nbsp;<em style=\"box-sizing: inherit;\">2.<\/em>&nbsp;f. Estatua, efigie o pintura de una divinidad o de un personaje sagrado.&nbsp;<em style=\"box-sizing: inherit;\">3.<\/em>&nbsp;f. \u00d3pt. Reproducci\u00f3n de la figura de un objeto por la combinaci\u00f3n de los rayos de luz que proceden de \u00e9l.&nbsp;<em style=\"box-sizing: inherit;\">4.<\/em>&nbsp;f. Ret. Recreaci\u00f3n de la realidad a trav\u00e9s de elementos imaginarios fundados en una intuici\u00f3n o visi\u00f3n del artista que debe ser descifrada, como en las monedas en enjambres furiosos.<\/p><p data-adtags-visited=\"true\" style=\"box-sizing: inherit; margin-bottom: 1.5em; color: rgb(51, 51, 51); font-family: Karla, &quot;Helvetica Neue&quot;, helvetica, arial, sans-serif; font-size: 16px; font-style: normal; font-weight: 400; text-align: justify;\"><i style=\"box-sizing: inherit;\"><span style=\"box-sizing: inherit; font-weight: 700;\">Imagen p\u00fablica<\/span><\/i><\/p><p data-adtags-visited=\"true\" style=\"box-sizing: inherit; margin-bottom: 1.5em; color: rgb(51, 51, 51); font-family: Karla, &quot;Helvetica Neue&quot;, helvetica, arial, sans-serif; font-size: 16px; font-style: normal; font-weight: 400; text-align: justify;\"><i style=\"box-sizing: inherit;\"><span style=\"box-sizing: inherit; font-weight: 700;\">&nbsp;<\/span><\/i><em style=\"box-sizing: inherit;\">1<\/em>. f. Conjunto de rasgos que caracterizan ante la sociedad a una persona o entidad.<\/p><p data-adtags-visited=\"true\" style=\"box-sizing: inherit; margin-bottom: 1.5em; color: rgb(51, 51, 51); font-family: Karla, &quot;Helvetica Neue&quot;, helvetica, arial, sans-serif; font-size: 16px; font-style: normal; font-weight: 400; text-align: justify;\"><span style=\"box-sizing: inherit; font-weight: 700;\">Identidad:&nbsp;<\/span>Del&nbsp;lat.&nbsp;tard\u00edo&nbsp;ident\u012dtas, -\u0101tis,&nbsp;y este&nbsp;der.&nbsp;del&nbsp;lat.&nbsp;idem&nbsp;\u2018el mismo\u2019, \u2018lo mismo\u2019.<\/p><p data-adtags-visited=\"true\" style=\"box-sizing: inherit; margin-bottom: 1.5em; color: rgb(51, 51, 51); font-family: Karla, &quot;Helvetica Neue&quot;, helvetica, arial, sans-serif; font-size: 16px; font-style: normal; font-weight: 400; text-align: justify;\"><em style=\"box-sizing: inherit;\">1.<\/em>&nbsp;f.&nbsp;Cualidad&nbsp;de&nbsp;id\u00e9ntico.&nbsp;<em style=\"box-sizing: inherit;\">2.<\/em>&nbsp;f.&nbsp;Conjunto&nbsp;de&nbsp;rasgos&nbsp;propios&nbsp;de&nbsp;un&nbsp;individuo&nbsp;o&nbsp;de&nbsp;una &nbsp;colectividad&nbsp;que&nbsp;los&nbsp;caracterizan&nbsp;frente&nbsp;a&nbsp;los&nbsp;dem\u00e1s.&nbsp;<em style=\"box-sizing: inherit;\">3.<\/em>&nbsp;f.&nbsp;Conciencia&nbsp;que&nbsp;una&nbsp;persona &nbsp;tiene&nbsp;de&nbsp;ser&nbsp;ella&nbsp;misma&nbsp;y&nbsp;distinta&nbsp;a&nbsp;las&nbsp;dem\u00e1s. &nbsp;<em style=\"box-sizing: inherit;\">4.<\/em>&nbsp;f.&nbsp;Hecho&nbsp;de&nbsp;ser&nbsp;alguien&nbsp;o&nbsp;algo&nbsp;el&nbsp;mismo &nbsp;que&nbsp;se&nbsp;supone&nbsp;o&nbsp;se&nbsp;busca&nbsp;<em style=\"box-sizing: inherit;\">5.<\/em>&nbsp;f.&nbsp;Mat.&nbsp;Igualdad&nbsp;algebraica&nbsp;que&nbsp;se&nbsp;verifica&nbsp;siempre, &nbsp;cualquiera&nbsp;que&nbsp;sea&nbsp;el&nbsp;valor&nbsp;de&nbsp;sus &nbsp;variables.<\/p><p data-adtags-visited=\"true\" style=\"box-sizing: inherit; margin-bottom: 1.5em; color: rgb(51, 51, 51); font-family: Karla, &quot;Helvetica Neue&quot;, helvetica, arial, sans-serif; font-size: 16px; font-style: normal; font-weight: 400;\">Tanto la imagen corporativa como la identidad identidad son subjetivas la primera se forma en la mente de la gente con relaci\u00f3n a la marca, en la segunda se forma en al interior de la propia marca, reflejando la propuesta de valor de la empresa.<\/p><p data-adtags-visited=\"true\" style=\"box-sizing: inherit; margin-bottom: 1.5em; color: rgb(51, 51, 51); font-family: Karla, &quot;Helvetica Neue&quot;, helvetica, arial, sans-serif; font-size: 16px; font-style: normal; font-weight: 400;\">Imagen: Lo que la gente piensa sobre la marca, es el resultado de las m\u00faltiples acciones<br style=\"box-sizing: inherit;\">estrat\u00e9gicas para generar valor agregado a una marca.<\/p><p><span style=\"color: rgb(51, 51, 51); font-family: Karla, &quot;Helvetica Neue&quot;, helvetica, arial, sans-serif; font-size: 16px; background-color: var(--ast-global-color-5);\">Identidad: Lo que la marca piensa de si misma y quiere reflejar. La identidad debe connotar atributos y valores<\/span>.<\/p><p><br><\/p><p>Juan Cruz<\/p>\t\t\t\t\t\t\t\t<\/div>\n\t\t\t\t<\/div>\n\t\t\t\t\t<\/div>\n\t\t<\/div>\n\t\t\t\t\t<\/div>\n\t\t<\/section>\n\t\t\t\t<\/div>\n\t\t","protected":false},"excerpt":{"rendered":"<p>Muchas veces he lidiado con clientes y personas del medio que confunden los dos conceptos, en el post de esta semana quisiera dejar clara la diferencia qu\u00e9 hay entre estos dos. Inicialmente citar\u00e9 la definici\u00f3n de cada uno de estos t\u00e9rminos seg\u00fan la RAE (Real Academia Espa\u00f1ola), luego explicar\u00e9 cada concepto desde mi punto de [&hellip;]<\/p>\n","protected":false},"author":1,"featured_media":447,"comment_status":"open","ping_status":"open","sticky":false,"template":"","format":"standard","meta":{"_jetpack_memberships_contains_paid_content":false,"footnotes":""},"categories":[26],"tags":[21],"class_list":["post-440","post","type-post","status-publish","format-standard","has-post-thumbnail","hentry","category-branding","tag-branding"],"yoast_head":"<!-- This site is optimized with the Yoast SEO plugin v27.5 - https:\/\/yoast.com\/product\/yoast-seo-wordpress\/ -->\n<title>DIFERENCIAS ENTRE IMAGEN CORPORATIVA E IDENTIDAD CORPORATIVA - Juan Cruz<\/title>\n<meta name=\"robots\" content=\"index, follow, max-snippet:-1, max-image-preview:large, max-video-preview:-1\" \/>\n<link rel=\"canonical\" href=\"https:\/\/juancruz.info\/?p=440\" \/>\n<meta property=\"og:locale\" content=\"es_ES\" \/>\n<meta property=\"og:type\" content=\"article\" \/>\n<meta property=\"og:title\" content=\"DIFERENCIAS ENTRE IMAGEN CORPORATIVA E IDENTIDAD CORPORATIVA - Juan Cruz\" \/>\n<meta property=\"og:description\" content=\"Muchas veces he lidiado con clientes y personas del medio que confunden los dos conceptos, en el post de esta semana quisiera dejar clara la diferencia qu\u00e9 hay entre estos dos. Inicialmente citar\u00e9 la definici\u00f3n de cada uno de estos t\u00e9rminos seg\u00fan la RAE (Real Academia Espa\u00f1ola), luego explicar\u00e9 cada concepto desde mi punto de [&hellip;]\" \/>\n<meta property=\"og:url\" content=\"https:\/\/juancruz.info\/?p=440\" \/>\n<meta property=\"og:site_name\" content=\"Juan Cruz\" \/>\n<meta property=\"article:published_time\" content=\"2022-05-19T18:56:27+00:00\" \/>\n<meta property=\"article:modified_time\" content=\"2022-05-19T19:17:33+00:00\" \/>\n<meta property=\"og:image\" content=\"https:\/\/juancruz.info\/wp-content\/uploads\/2022\/05\/intercambiodeservicios.jpg\" \/>\n\t<meta property=\"og:image:width\" content=\"2000\" \/>\n\t<meta property=\"og:image:height\" content=\"1000\" \/>\n\t<meta property=\"og:image:type\" content=\"image\/jpeg\" \/>\n<meta name=\"author\" content=\"jcruzrivera1\" \/>\n<meta name=\"twitter:card\" content=\"summary_large_image\" \/>\n<meta name=\"twitter:label1\" content=\"Escrito por\" \/>\n\t<meta name=\"twitter:data1\" content=\"jcruzrivera1\" \/>\n\t<meta name=\"twitter:label2\" content=\"Tiempo de lectura\" \/>\n\t<meta name=\"twitter:data2\" content=\"2 minutos\" \/>\n<script type=\"application\/ld+json\" class=\"yoast-schema-graph\">{\"@context\":\"https:\\\/\\\/schema.org\",\"@graph\":[{\"@type\":\"Article\",\"@id\":\"https:\\\/\\\/juancruz.info\\\/?p=440#article\",\"isPartOf\":{\"@id\":\"https:\\\/\\\/juancruz.info\\\/?p=440\"},\"author\":{\"name\":\"jcruzrivera1\",\"@id\":\"https:\\\/\\\/juancruz.info\\\/#\\\/schema\\\/person\\\/ac046952ae323c1f6c027f84ae0496e3\"},\"headline\":\"DIFERENCIAS ENTRE IMAGEN CORPORATIVA E IDENTIDAD CORPORATIVA\",\"datePublished\":\"2022-05-19T18:56:27+00:00\",\"dateModified\":\"2022-05-19T19:17:33+00:00\",\"mainEntityOfPage\":{\"@id\":\"https:\\\/\\\/juancruz.info\\\/?p=440\"},\"wordCount\":466,\"commentCount\":0,\"publisher\":{\"@id\":\"https:\\\/\\\/juancruz.info\\\/#organization\"},\"image\":{\"@id\":\"https:\\\/\\\/juancruz.info\\\/?p=440#primaryimage\"},\"thumbnailUrl\":\"https:\\\/\\\/juancruz.info\\\/wp-content\\\/uploads\\\/2022\\\/05\\\/intercambiodeservicios.jpg\",\"keywords\":[\"Branding\"],\"articleSection\":[\"Branding\"],\"inLanguage\":\"es\",\"potentialAction\":[{\"@type\":\"CommentAction\",\"name\":\"Comment\",\"target\":[\"https:\\\/\\\/juancruz.info\\\/?p=440#respond\"]}]},{\"@type\":\"WebPage\",\"@id\":\"https:\\\/\\\/juancruz.info\\\/?p=440\",\"url\":\"https:\\\/\\\/juancruz.info\\\/?p=440\",\"name\":\"DIFERENCIAS ENTRE IMAGEN CORPORATIVA E IDENTIDAD CORPORATIVA - Juan Cruz\",\"isPartOf\":{\"@id\":\"https:\\\/\\\/juancruz.info\\\/#website\"},\"primaryImageOfPage\":{\"@id\":\"https:\\\/\\\/juancruz.info\\\/?p=440#primaryimage\"},\"image\":{\"@id\":\"https:\\\/\\\/juancruz.info\\\/?p=440#primaryimage\"},\"thumbnailUrl\":\"https:\\\/\\\/juancruz.info\\\/wp-content\\\/uploads\\\/2022\\\/05\\\/intercambiodeservicios.jpg\",\"datePublished\":\"2022-05-19T18:56:27+00:00\",\"dateModified\":\"2022-05-19T19:17:33+00:00\",\"breadcrumb\":{\"@id\":\"https:\\\/\\\/juancruz.info\\\/?p=440#breadcrumb\"},\"inLanguage\":\"es\",\"potentialAction\":[{\"@type\":\"ReadAction\",\"target\":[\"https:\\\/\\\/juancruz.info\\\/?p=440\"]}]},{\"@type\":\"ImageObject\",\"inLanguage\":\"es\",\"@id\":\"https:\\\/\\\/juancruz.info\\\/?p=440#primaryimage\",\"url\":\"https:\\\/\\\/juancruz.info\\\/wp-content\\\/uploads\\\/2022\\\/05\\\/intercambiodeservicios.jpg\",\"contentUrl\":\"https:\\\/\\\/juancruz.info\\\/wp-content\\\/uploads\\\/2022\\\/05\\\/intercambiodeservicios.jpg\",\"width\":2000,\"height\":1000,\"caption\":\"Business woman hands connecting jigsaw puzzle. Business solutions, success and strategy concept. Businessman hand connecting jigsaw puzzle.Close up photo with selective focus.\"},{\"@type\":\"BreadcrumbList\",\"@id\":\"https:\\\/\\\/juancruz.info\\\/?p=440#breadcrumb\",\"itemListElement\":[{\"@type\":\"ListItem\",\"position\":1,\"name\":\"Portada\",\"item\":\"https:\\\/\\\/juancruz.info\\\/\"},{\"@type\":\"ListItem\",\"position\":2,\"name\":\"DIFERENCIAS ENTRE IMAGEN CORPORATIVA E IDENTIDAD CORPORATIVA\"}]},{\"@type\":\"WebSite\",\"@id\":\"https:\\\/\\\/juancruz.info\\\/#website\",\"url\":\"https:\\\/\\\/juancruz.info\\\/\",\"name\":\"Juan Cruz\",\"description\":\"| Emprendedor Serial | Estratega | Consultor de marca\",\"publisher\":{\"@id\":\"https:\\\/\\\/juancruz.info\\\/#organization\"},\"potentialAction\":[{\"@type\":\"SearchAction\",\"target\":{\"@type\":\"EntryPoint\",\"urlTemplate\":\"https:\\\/\\\/juancruz.info\\\/?s={search_term_string}\"},\"query-input\":{\"@type\":\"PropertyValueSpecification\",\"valueRequired\":true,\"valueName\":\"search_term_string\"}}],\"inLanguage\":\"es\"},{\"@type\":\"Organization\",\"@id\":\"https:\\\/\\\/juancruz.info\\\/#organization\",\"name\":\"Juan Cruz\",\"url\":\"https:\\\/\\\/juancruz.info\\\/\",\"logo\":{\"@type\":\"ImageObject\",\"inLanguage\":\"es\",\"@id\":\"https:\\\/\\\/juancruz.info\\\/#\\\/schema\\\/logo\\\/image\\\/\",\"url\":\"https:\\\/\\\/juancruz.info\\\/wp-content\\\/uploads\\\/2022\\\/03\\\/cropped-cropped-juancruz-e1690313298553.png\",\"contentUrl\":\"https:\\\/\\\/juancruz.info\\\/wp-content\\\/uploads\\\/2022\\\/03\\\/cropped-cropped-juancruz-e1690313298553.png\",\"width\":100,\"height\":100,\"caption\":\"Juan Cruz\"},\"image\":{\"@id\":\"https:\\\/\\\/juancruz.info\\\/#\\\/schema\\\/logo\\\/image\\\/\"}},{\"@type\":\"Person\",\"@id\":\"https:\\\/\\\/juancruz.info\\\/#\\\/schema\\\/person\\\/ac046952ae323c1f6c027f84ae0496e3\",\"name\":\"jcruzrivera1\",\"image\":{\"@type\":\"ImageObject\",\"inLanguage\":\"es\",\"@id\":\"https:\\\/\\\/secure.gravatar.com\\\/avatar\\\/f739cea04b7c798f1175c32421b70db1f74c4b312bfe9b7f45b30e013c21552e?s=96&d=mm&r=g\",\"url\":\"https:\\\/\\\/secure.gravatar.com\\\/avatar\\\/f739cea04b7c798f1175c32421b70db1f74c4b312bfe9b7f45b30e013c21552e?s=96&d=mm&r=g\",\"contentUrl\":\"https:\\\/\\\/secure.gravatar.com\\\/avatar\\\/f739cea04b7c798f1175c32421b70db1f74c4b312bfe9b7f45b30e013c21552e?s=96&d=mm&r=g\",\"caption\":\"jcruzrivera1\"},\"sameAs\":[\"http:\\\/\\\/juancruz.info\"],\"url\":\"https:\\\/\\\/juancruz.info\\\/?author=1\"}]}<\/script>\n<!-- \/ Yoast SEO plugin. -->","yoast_head_json":{"title":"DIFERENCIAS ENTRE IMAGEN CORPORATIVA E IDENTIDAD CORPORATIVA - Juan Cruz","robots":{"index":"index","follow":"follow","max-snippet":"max-snippet:-1","max-image-preview":"max-image-preview:large","max-video-preview":"max-video-preview:-1"},"canonical":"https:\/\/juancruz.info\/?p=440","og_locale":"es_ES","og_type":"article","og_title":"DIFERENCIAS ENTRE IMAGEN CORPORATIVA E IDENTIDAD CORPORATIVA - Juan Cruz","og_description":"Muchas veces he lidiado con clientes y personas del medio que confunden los dos conceptos, en el post de esta semana quisiera dejar clara la diferencia qu\u00e9 hay entre estos dos. Inicialmente citar\u00e9 la definici\u00f3n de cada uno de estos t\u00e9rminos seg\u00fan la RAE (Real Academia Espa\u00f1ola), luego explicar\u00e9 cada concepto desde mi punto de [&hellip;]","og_url":"https:\/\/juancruz.info\/?p=440","og_site_name":"Juan Cruz","article_published_time":"2022-05-19T18:56:27+00:00","article_modified_time":"2022-05-19T19:17:33+00:00","og_image":[{"width":2000,"height":1000,"url":"https:\/\/juancruz.info\/wp-content\/uploads\/2022\/05\/intercambiodeservicios.jpg","type":"image\/jpeg"}],"author":"jcruzrivera1","twitter_card":"summary_large_image","twitter_misc":{"Escrito por":"jcruzrivera1","Tiempo de lectura":"2 minutos"},"schema":{"@context":"https:\/\/schema.org","@graph":[{"@type":"Article","@id":"https:\/\/juancruz.info\/?p=440#article","isPartOf":{"@id":"https:\/\/juancruz.info\/?p=440"},"author":{"name":"jcruzrivera1","@id":"https:\/\/juancruz.info\/#\/schema\/person\/ac046952ae323c1f6c027f84ae0496e3"},"headline":"DIFERENCIAS ENTRE IMAGEN CORPORATIVA E IDENTIDAD CORPORATIVA","datePublished":"2022-05-19T18:56:27+00:00","dateModified":"2022-05-19T19:17:33+00:00","mainEntityOfPage":{"@id":"https:\/\/juancruz.info\/?p=440"},"wordCount":466,"commentCount":0,"publisher":{"@id":"https:\/\/juancruz.info\/#organization"},"image":{"@id":"https:\/\/juancruz.info\/?p=440#primaryimage"},"thumbnailUrl":"https:\/\/juancruz.info\/wp-content\/uploads\/2022\/05\/intercambiodeservicios.jpg","keywords":["Branding"],"articleSection":["Branding"],"inLanguage":"es","potentialAction":[{"@type":"CommentAction","name":"Comment","target":["https:\/\/juancruz.info\/?p=440#respond"]}]},{"@type":"WebPage","@id":"https:\/\/juancruz.info\/?p=440","url":"https:\/\/juancruz.info\/?p=440","name":"DIFERENCIAS ENTRE IMAGEN CORPORATIVA E IDENTIDAD CORPORATIVA - Juan Cruz","isPartOf":{"@id":"https:\/\/juancruz.info\/#website"},"primaryImageOfPage":{"@id":"https:\/\/juancruz.info\/?p=440#primaryimage"},"image":{"@id":"https:\/\/juancruz.info\/?p=440#primaryimage"},"thumbnailUrl":"https:\/\/juancruz.info\/wp-content\/uploads\/2022\/05\/intercambiodeservicios.jpg","datePublished":"2022-05-19T18:56:27+00:00","dateModified":"2022-05-19T19:17:33+00:00","breadcrumb":{"@id":"https:\/\/juancruz.info\/?p=440#breadcrumb"},"inLanguage":"es","potentialAction":[{"@type":"ReadAction","target":["https:\/\/juancruz.info\/?p=440"]}]},{"@type":"ImageObject","inLanguage":"es","@id":"https:\/\/juancruz.info\/?p=440#primaryimage","url":"https:\/\/juancruz.info\/wp-content\/uploads\/2022\/05\/intercambiodeservicios.jpg","contentUrl":"https:\/\/juancruz.info\/wp-content\/uploads\/2022\/05\/intercambiodeservicios.jpg","width":2000,"height":1000,"caption":"Business woman hands connecting jigsaw puzzle. Business solutions, success and strategy concept. Businessman hand connecting jigsaw puzzle.Close up photo with selective focus."},{"@type":"BreadcrumbList","@id":"https:\/\/juancruz.info\/?p=440#breadcrumb","itemListElement":[{"@type":"ListItem","position":1,"name":"Portada","item":"https:\/\/juancruz.info\/"},{"@type":"ListItem","position":2,"name":"DIFERENCIAS ENTRE IMAGEN CORPORATIVA E IDENTIDAD CORPORATIVA"}]},{"@type":"WebSite","@id":"https:\/\/juancruz.info\/#website","url":"https:\/\/juancruz.info\/","name":"Juan Cruz","description":"| Emprendedor Serial | Estratega | Consultor de marca","publisher":{"@id":"https:\/\/juancruz.info\/#organization"},"potentialAction":[{"@type":"SearchAction","target":{"@type":"EntryPoint","urlTemplate":"https:\/\/juancruz.info\/?s={search_term_string}"},"query-input":{"@type":"PropertyValueSpecification","valueRequired":true,"valueName":"search_term_string"}}],"inLanguage":"es"},{"@type":"Organization","@id":"https:\/\/juancruz.info\/#organization","name":"Juan Cruz","url":"https:\/\/juancruz.info\/","logo":{"@type":"ImageObject","inLanguage":"es","@id":"https:\/\/juancruz.info\/#\/schema\/logo\/image\/","url":"https:\/\/juancruz.info\/wp-content\/uploads\/2022\/03\/cropped-cropped-juancruz-e1690313298553.png","contentUrl":"https:\/\/juancruz.info\/wp-content\/uploads\/2022\/03\/cropped-cropped-juancruz-e1690313298553.png","width":100,"height":100,"caption":"Juan Cruz"},"image":{"@id":"https:\/\/juancruz.info\/#\/schema\/logo\/image\/"}},{"@type":"Person","@id":"https:\/\/juancruz.info\/#\/schema\/person\/ac046952ae323c1f6c027f84ae0496e3","name":"jcruzrivera1","image":{"@type":"ImageObject","inLanguage":"es","@id":"https:\/\/secure.gravatar.com\/avatar\/f739cea04b7c798f1175c32421b70db1f74c4b312bfe9b7f45b30e013c21552e?s=96&d=mm&r=g","url":"https:\/\/secure.gravatar.com\/avatar\/f739cea04b7c798f1175c32421b70db1f74c4b312bfe9b7f45b30e013c21552e?s=96&d=mm&r=g","contentUrl":"https:\/\/secure.gravatar.com\/avatar\/f739cea04b7c798f1175c32421b70db1f74c4b312bfe9b7f45b30e013c21552e?s=96&d=mm&r=g","caption":"jcruzrivera1"},"sameAs":["http:\/\/juancruz.info"],"url":"https:\/\/juancruz.info\/?author=1"}]}},"jetpack_featured_media_url":"https:\/\/juancruz.info\/wp-content\/uploads\/2022\/05\/intercambiodeservicios.jpg","jetpack_sharing_enabled":true,"_links":{"self":[{"href":"https:\/\/juancruz.info\/index.php?rest_route=\/wp\/v2\/posts\/440","targetHints":{"allow":["GET"]}}],"collection":[{"href":"https:\/\/juancruz.info\/index.php?rest_route=\/wp\/v2\/posts"}],"about":[{"href":"https:\/\/juancruz.info\/index.php?rest_route=\/wp\/v2\/types\/post"}],"author":[{"embeddable":true,"href":"https:\/\/juancruz.info\/index.php?rest_route=\/wp\/v2\/users\/1"}],"replies":[{"embeddable":true,"href":"https:\/\/juancruz.info\/index.php?rest_route=%2Fwp%2Fv2%2Fcomments&post=440"}],"version-history":[{"count":6,"href":"https:\/\/juancruz.info\/index.php?rest_route=\/wp\/v2\/posts\/440\/revisions"}],"predecessor-version":[{"id":448,"href":"https:\/\/juancruz.info\/index.php?rest_route=\/wp\/v2\/posts\/440\/revisions\/448"}],"wp:featuredmedia":[{"embeddable":true,"href":"https:\/\/juancruz.info\/index.php?rest_route=\/wp\/v2\/media\/447"}],"wp:attachment":[{"href":"https:\/\/juancruz.info\/index.php?rest_route=%2Fwp%2Fv2%2Fmedia&parent=440"}],"wp:term":[{"taxonomy":"category","embeddable":true,"href":"https:\/\/juancruz.info\/index.php?rest_route=%2Fwp%2Fv2%2Fcategories&post=440"},{"taxonomy":"post_tag","embeddable":true,"href":"https:\/\/juancruz.info\/index.php?rest_route=%2Fwp%2Fv2%2Ftags&post=440"}],"curies":[{"name":"wp","href":"https:\/\/api.w.org\/{rel}","templated":true}]}}